{"id":187,"date":"2019-01-20T10:23:58","date_gmt":"2019-01-20T10:23:58","guid":{"rendered":"https:\/\/desteapta.ro\/?p=187"},"modified":"2019-01-20T13:16:19","modified_gmt":"2019-01-20T13:16:19","slug":"ati-zburat-vreodata-cu-parapanta","status":"publish","type":"post","link":"https:\/\/desteapta.ro\/?p=187","title":{"rendered":"A\u021bi zburat vreodat\u0103 cu parapanta?"},"content":{"rendered":"\n<p>(\u0219i voi, dar mai ales eu, v-a\u021bi fi a\u0219teptat ca primul articol s\u0103 fie despre cerceta\u0219i. iat\u0103, se \u00eent\u00e2mpl\u0103 s\u0103 nu)<br><\/p>\n\n\n\n<p>l-am cunoscut pe <a href=\"https:\/\/www.facebook.com\/FlyION-356791261767914\/?__xts__[0]=68.ARAxvK4pHCcKMfNRxHUHuID38Cvn9FsjZs9CGjKDI3SJq1TQmO8Rh0k-1_6OTh8BsDEvvBwNCZZxZ--an1Poe5n2WU_14bVvzSVpejlPD7BjdTtxuN3P50vLNrrPVCDD5ghdw1rhRdX0H72AGjGyRTbyZIELwYgFePnvYv4m2VTFFXjVL69h_LbANwn7VPNLueUPgFPHomGADuo9FRqcf7upqS1vqyN0B17kYSMAP0SPfskM0rSv296LKsIkRsYwnV2SC1EoPqstHa8FxlVKdyS-cPXog88bpIAEVabtAQ\">Alex<\/a> \u00eentr-un context alexian i-a\u0219 zice &#8211; venise s\u0103 aduc\u0103 o periu\u021b\u0103 de din\u021bi <a href=\"https:\/\/danielaborontis.ro\/\">Danei<\/a> acum vreun an \u0219i dup\u0103 am primit de la el o invita\u021bie oficial\u0103 la zbor, tot tipic alexian\u0103 &#8211; s\u0103 vin pe 32 ianuarie la un zbor.<br><\/p>\n\n\n\n<p>Am toat\u0103 \u00eencrederea de pe lume \u00een el.<\/p>\n\n\n\n<p>Ini\u021bial am avut pentru c\u0103 \u00een genere exist\u0103 premisa de \u00eencredere \u0219i pentru c\u0103 Dana are super mult\u0103 \u00eencredere \u00een el \u0219i eu \u00een ea.<\/p>\n\n\n\n<p>\u00centre timp am zburat de suficiente ori \u00eenc\u00e2t s\u0103 \u0219tiu c\u0103 e un profesionist \u0219i cine nu alege s\u0103-\u0219i fac\u0103 treaba cu un profesionist?!<br><\/p>\n\n\n\n<p>Vara trecut\u0103 dup\u0103 o tradi\u021bie \u00eentre prieteni* am fost \u0219i am zburat prima dat\u0103 de la R\u00e2nca.<\/p>\n\n\n\n<p>\u00cemi amintesc c\u0103 eram r\u0103cit\u0103 bocn\u0103, ceea ce poate fi trecut cu vederea, dar nu aveam glas deloc, ceea ce nu chiar te ajut\u0103 c\u00e2nd zbori pentru prima dat\u0103. Cumva e o m\u0103sur\u0103 de precau\u021bie s\u0103 po\u021bi s\u0103-i spui celui cu care zbori c\u0103 \u00ee\u021bi e r\u0103u, c\u0103 ai vrea s\u0103 cobori, c\u0103 etc. Ehh.. eu n-am putut s\u0103 fac asta \u0219i a fost a\u0219a natural pentru c\u0103 zborul chiar te las\u0103 f\u0103r\u0103 glas.<br><\/p>\n\n\n\n<p>*De zilele noastre de na\u0219tere care se afl\u0103 \u00een apropiere, obi\u0219nuiesc cu <a href=\"https:\/\/www.facebook.com\/mihaaciobanu\">Miha<\/a> s\u0103 ne facem cadou reciproc o experien\u021b\u0103. A\u0219a s-a \u00eent\u00e2mplat s\u0103 ne d\u0103m \u0219i cu para\u0219uta acum 2 ani.<\/p>\n\n\n\n<div class=\"wp-block-image\"><figure class=\"aligncenter is-resized\"><img decoding=\"async\" loading=\"lazy\" src=\"https:\/\/desteapta.ro\/wp-content\/uploads\/2019\/01\/IMG_3686-1024x768.jpg\" alt=\"\" class=\"wp-image-188\" width=\"475\" height=\"356\" srcset=\"https:\/\/desteapta.ro\/wp-content\/uploads\/2019\/01\/IMG_3686-1024x768.jpg 1024w, https:\/\/desteapta.ro\/wp-content\/uploads\/2019\/01\/IMG_3686-300x225.jpg 300w, https:\/\/desteapta.ro\/wp-content\/uploads\/2019\/01\/IMG_3686-768x576.jpg 768w, https:\/\/desteapta.ro\/wp-content\/uploads\/2019\/01\/IMG_3686-1200x900.jpg 1200w\" sizes=\"(max-width: 475px) 85vw, 475px\" \/><\/figure><\/div>\n\n\n\n<p>Alex \u0219tie s\u0103 fac\u0103 tot felul de giumbu\u0219lucuri prin aer, dar mie \u00eemi place s\u0103 zbor lin. A\u0219a m\u0103 deconecteaz\u0103 de absolut tot, de toat\u0103 agita\u021bia, de tot haosul, de toate nedumeririle, de tot.<br><\/p>\n\n\n\n<p>Aici e un fragment din ultimul meu zbor, dac\u0103 nu v\u0103 convinge nici c\u0103 sunte\u021bi \u00eentre soare \u0219i lun\u0103, ap\u0103i cred c\u0103 de fapt nu vre\u021bi s\u0103 fi\u021bi convin\u0219i.<br><\/p>\n\n\n\n<figure class=\"wp-block-video\"><video controls src=\"https:\/\/desteapta.ro\/wp-content\/uploads\/2019\/01\/VID-20190120-WA0001.mp4\"><\/video><\/figure>\n\n\n\n<p>Zborul nu e o experien\u021b\u0103 cu orele, sau m\u0103 rog poate fi \u0219i cu ora dac\u0103 v\u00e2ntul e bun, dar tocmai pentru c\u0103 \u00een genere sunt c\u00e2teva minute merit\u0103 tr\u0103it\u0103 de la decolare \u0219i p\u00e2n\u0103 la aterizare cu aceea\u0219i intensitate. Nu rata\u021bi nici m\u0103car o secund\u0103 din toat\u0103 minun\u0103\u021bia asta!<br><\/p>\n\n\n\n<p>Dac\u0103 v\u0103 place s\u0103 ave\u021bi o privire de ansamblu asupra lucrurilor, zborul sigur e ceva ce v-ar pl\u0103cea.<br><\/p>\n\n\n\n<p>De atunci m\u0103 tot \u00eentreb c\u00e2t sunt de fericite p\u0103s\u0103rile c\u0103 pot vedea at\u00e2tea \u0219i at\u00e2tea locuri \u0219i tr\u0103i at\u00e2tea \u0219i at\u00e2tea zboruri.<br><\/p>\n\n\n\n<p>Sunt motive sigur atipice (v-am informat c\u0103 a\u0219a va fi <a href=\"https:\/\/desteapta.ro\/?p=19\">aici<\/a>) pentru care \u00ee\u021bi recomand s\u0103 \u00eencerci un zbor. E potrivit \u0219i pentru cei care \u00ee\u0219i doresc un pic de adrenalin\u0103 natural\u0103 la ei \u00een via\u021b\u0103 \u0219i pentru cei care vor s\u0103 tr\u0103iasc\u0103 momente unice \u0219i pentru cei c\u0103rora le plac lucrurile extreme \u0219i pentru tine care cite\u0219ti acest articol \u0219i \u0219tiu c\u0103 acolo \u00een sufletul t\u0103u dac\u0103 ai avea o list\u0103 de to do personal* ai trece \u0219i asta.<\/p>\n\n\n\n<p>*\u0218tiu c\u0103 to\u021bi v\u0103 face\u021bi to do pentru job, face\u021bi \u0219i pentru voi c\u00e2te unul c\u0103 trece via\u021ba altfel pe l\u00e2ng\u0103 noi.<br><\/p>\n\n\n\n<p><strong>Aici \u00eei g\u0103se\u0219ti pentru rezervare &#8211; <\/strong><a href=\"https:\/\/www.facebook.com\/FlyION-356791261767914\/\"><strong>FlyION<\/strong><\/a><br><\/p>\n\n\n\n<p>Zboar\u0103 puiule zboar\u0103!<br><\/p>\n","protected":false},"excerpt":{"rendered":"<p>(\u0219i voi, dar mai ales eu, v-a\u021bi fi a\u0219teptat ca primul articol s\u0103 fie despre cerceta\u0219i. iat\u0103, se \u00eent\u00e2mpl\u0103 s\u0103 nu) l-am cunoscut pe Alex \u00eentr-un context alexian i-a\u0219 zice &#8211; venise s\u0103 aduc\u0103 o periu\u021b\u0103 de din\u021bi Danei acum vreun an \u0219i dup\u0103 am primit de la el o invita\u021bie oficial\u0103 la zbor, tot &hellip; <a href=\"https:\/\/desteapta.ro\/?p=187\" class=\"more-link\">Continue reading<span class=\"screen-reader-text\"> &#8220;A\u021bi zburat vreodat\u0103 cu parapanta?&#8221;<\/span><\/a><\/p>\n","protected":false},"author":2,"featured_media":188,"comment_status":"open","ping_status":"open","sticky":false,"template":"","format":"standard","meta":[],"categories":[6,4],"tags":[],"_links":{"self":[{"href":"https:\/\/desteapta.ro\/index.php?rest_route=\/wp\/v2\/posts\/187"}],"collection":[{"href":"https:\/\/desteapta.ro\/index.php?rest_route=\/wp\/v2\/posts"}],"about":[{"href":"https:\/\/desteapta.ro\/index.php?rest_route=\/wp\/v2\/types\/post"}],"author":[{"embeddable":true,"href":"https:\/\/desteapta.ro\/index.php?rest_route=\/wp\/v2\/users\/2"}],"replies":[{"embeddable":true,"href":"https:\/\/desteapta.ro\/index.php?rest_route=%2Fwp%2Fv2%2Fcomments&post=187"}],"version-history":[{"count":4,"href":"https:\/\/desteapta.ro\/index.php?rest_route=\/wp\/v2\/posts\/187\/revisions"}],"predecessor-version":[{"id":194,"href":"https:\/\/desteapta.ro\/index.php?rest_route=\/wp\/v2\/posts\/187\/revisions\/194"}],"wp:featuredmedia":[{"embeddable":true,"href":"https:\/\/desteapta.ro\/index.php?rest_route=\/wp\/v2\/media\/188"}],"wp:attachment":[{"href":"https:\/\/desteapta.ro\/index.php?rest_route=%2Fwp%2Fv2%2Fmedia&parent=187"}],"wp:term":[{"taxonomy":"category","embeddable":true,"href":"https:\/\/desteapta.ro\/index.php?rest_route=%2Fwp%2Fv2%2Fcategories&post=187"},{"taxonomy":"post_tag","embeddable":true,"href":"https:\/\/desteapta.ro\/index.php?rest_route=%2Fwp%2Fv2%2Ftags&post=187"}],"curies":[{"name":"wp","href":"https:\/\/api.w.org\/{rel}","templated":true}]}}