{"id":337,"date":"2022-02-22T18:03:16","date_gmt":"2022-02-22T18:03:16","guid":{"rendered":"https:\/\/desteapta.ro\/?p=337"},"modified":"2022-02-23T07:54:26","modified_gmt":"2022-02-23T07:54:26","slug":"%e2%80%8b%e2%80%8bganduri-22-02-2022","status":"publish","type":"post","link":"https:\/\/desteapta.ro\/?p=337","title":{"rendered":"\u200b\u200bG\u00e2nduri (22.02.2022)"},"content":{"rendered":"\n<p>\u200bAst\u0103zi e Ziua G\u00e2ndului \u00een Cercet\u0103\u0219ie \u0219i ziua tuturor celor peste 50 de milioane de copii, tineri \u0219i adul\u021bi care duc mai departe misiunea noastr\u0103 de a construi prin educa\u021bie cercet\u0103\u0219easc\u0103 comunit\u0103\u021bi durabile. V\u0103 sunt recunosc\u0103toare tuturor c\u0103 \u00eemi \u021bine\u021bi antrenat\u0103 via\u021ba, s\u0103 ave\u021bi o zi pe deplin cercet\u0103\u0219easc\u0103!<\/p>\n\n\n\n<div class=\"wp-block-image\"><figure class=\"aligncenter size-large is-resized\"><img decoding=\"async\" loading=\"lazy\" src=\"https:\/\/desteapta.ro\/wp-content\/uploads\/2022\/02\/274463064_10159658230804659_10552594269268956_n.jpg\" alt=\"\" class=\"wp-image-339\" width=\"444\" height=\"372\" srcset=\"https:\/\/desteapta.ro\/wp-content\/uploads\/2022\/02\/274463064_10159658230804659_10552594269268956_n.jpg 940w, https:\/\/desteapta.ro\/wp-content\/uploads\/2022\/02\/274463064_10159658230804659_10552594269268956_n-300x251.jpg 300w, https:\/\/desteapta.ro\/wp-content\/uploads\/2022\/02\/274463064_10159658230804659_10552594269268956_n-768x644.jpg 768w\" sizes=\"(max-width: 444px) 85vw, 444px\" \/><\/figure><\/div>\n\n\n\n<p><br>\u00cen flight mode pentru prima dat\u0103 dup\u0103 mai bine de 2 ani, am zis c\u0103 nu e \u00eent\u00e2mpl\u0103tor \u0219i e un moment bun pentru un proces terapeutic de scris, a\u0219a c\u0103 m\u0103 pun s\u0103 a\u0219tern g\u00e2ndurile pentru \u200bcei 8 ani&nbsp;\u00een cercet\u0103\u0219ie. \u200b8 ani rotunzi&nbsp;v\u0103zu\u200b\u021bi\u200b poate c\u00e2teodat\u0103 din alt unghi\u200b pentru c\u0103 orice cerc ale laturile lui.<\/p>\n\n\n\n<p><br>Obi\u0219nuiesc de fiecare dat\u0103 la aniversarea noastr\u0103 s\u0103 v\u0103 povestesc cu m\u00e2ndrie despre cei peste 1500 de voluntari ai no\u0219tri care sunt Gata Oric\u00e2nd s\u0103 inspire \u00een copii \u0219i tineri valorile noastre sau s\u0103 v\u0103 povestesc cu entuziasm despre tinerii no\u0219tri fabulo\u0219i care la ora la care scriu str\u0103bat crestele celor 14 v\u00e2rfuri de peste 2500 de m altitudine sau s\u0103 v\u0103 povestesc cu uimire de miile de ore pe care \u00eempreun\u0103 le adun\u0103m \u00een fiecare an pentru a l\u0103sa lumea mai bun\u0103.<\/p>\n\n\n\n<div class=\"wp-block-image\"><figure class=\"aligncenter size-large is-resized\"><img decoding=\"async\" loading=\"lazy\" src=\"https:\/\/desteapta.ro\/wp-content\/uploads\/2022\/02\/20220222_083509.jpg\" alt=\"\" class=\"wp-image-340\" width=\"308\" height=\"411\" srcset=\"https:\/\/desteapta.ro\/wp-content\/uploads\/2022\/02\/20220222_083509.jpg 645w, https:\/\/desteapta.ro\/wp-content\/uploads\/2022\/02\/20220222_083509-225x300.jpg 225w\" sizes=\"(max-width: 308px) 85vw, 308px\" \/><figcaption>Le pute\u021bi urm\u0103ri aventura <a href=\"https:\/\/www.facebook.com\/contact.brothersinwoods\">aici<\/a><\/figcaption><\/figure><\/div>\n\n\n\n<p><br>Dar poate niciodat\u0103 p\u00e2n\u0103 acum nu am vorbit despre ce \u00eenseamna s\u0103 fii un profesionist \u00een cercet\u0103\u0219ie, ce \u00eenseamn\u0103 s\u0103 serve\u0219ti cercet\u0103\u0219ia full time job sau full time life.<\/p>\n\n\n\n<p><br>M-am angajat la cerceta\u0219i \u00een 2014 pe pozi\u021bia de <a href=\"https:\/\/scout.ro\/blog\/2014\/01\/14\/oncr-are-un-nou-director-executiv\/\">Director Executiv<\/a>. Eram directorul meu, fiind singura angajat\u0103, \u0219i totodat\u0103 \u200bangajata&nbsp;a 4500 de cerceta\u0219i dac\u0103 \u00eemi amintesc bine num\u0103rul de atunci, pe care \u00eei consideram \u0219efii mei. Acum m\u0103 pot uita cu z\u00e2mbetul pe buze la situa\u021bia asta, atunci sigur nu.\u200b Un model de organigrama foarte diferit fa\u021b\u0103 de cele clasic&nbsp;\u00eent\u00e2lnite, care uneori arat\u0103 pentru mine ca o clepsidr\u0103, unde scopul\u200b \u200beste nu sugrumi mijlocul. \u200bVeneam cu un nivel de a\u0219tept\u0103ri profesionale foarte ridicate, era o oportunitate de cre\u0219tere pentru mine, s\u0103 trec de la coordonarea de proiecte na\u021bionale la coordonarea de organiza\u021bii na\u021bionale. \u00cemi imaginam o structur\u0103 nem\u021beasc\u0103 \u0219i un management coerent \u0219i a\u0219ezat. Am avut noroc s\u0103 am l\u00e2ng\u0103 mine atunci doi oameni faini (mul\u021bumesc Bianca \u0219i Vasile), care mi-au ghidat ini\u021bierea prin cotloanele a ceea ce putea \u00eensemna un profesionist \u00een cercet\u0103\u0219ie. A fost extrem de dificil pentru mine, eram un outsider aterizat \u00eentr-o comunitate unit\u0103, eram un angajat vs. 1000 de voluntari. \u0218tiu c\u0103 filmul <a href=\"https:\/\/www.imdb.com\/title\/tt0211915\/\">Amelie<\/a> \u0219i Exupery mi-au ridicat mereu moralul. M\u0103 bucur acum c\u0103 nu am renun\u021bat atunci \u0219i a\u0219 \u00eendruma orice t\u00e2n\u0103r s\u0103 fac\u0103 gre\u0219eala mea de a se arunca \u00eentr-un ocean necunoscut, dar poate cu mai mult\u0103 bl\u00e2nde\u021be fa\u021b\u0103 de sine dec\u00e2t mi-am permis-o eu.<\/p>\n\n\n\n<div class=\"wp-block-image\"><figure class=\"aligncenter size-large is-resized\"><img decoding=\"async\" loading=\"lazy\" src=\"https:\/\/desteapta.ro\/wp-content\/uploads\/2022\/02\/IMG-20211225-WA0032.jpg\" alt=\"\" class=\"wp-image-346\" width=\"315\" height=\"560\" srcset=\"https:\/\/desteapta.ro\/wp-content\/uploads\/2022\/02\/IMG-20211225-WA0032.jpg 525w, https:\/\/desteapta.ro\/wp-content\/uploads\/2022\/02\/IMG-20211225-WA0032-169x300.jpg 169w\" sizes=\"(max-width: 315px) 85vw, 315px\" \/><\/figure><\/div>\n\n\n\n<p><br>Primul meu g\u00e2nd a fost s\u0103-mi fac echip\u0103, \u0219tiam c\u0103 rolul \u0103sta de one woman show nu face parte din mine. Visam la o echip\u0103 de 5 oameni \u00een primul an. Haha, ce glum\u0103. Am ales prima coleg\u0103 &#8211; un om la fel de muncitor ca mine (poate totu\u0219i vorba asta despre moldoveni are un s\u00e2mbure de adev\u0103r). Botezul \u00een acest imens ocean al\u0103turi de <a href=\"https:\/\/nocrich.scout.ro\/ro\/\">Nadia<\/a> mi-a fost mai u\u0219or. Am crescut \u00eempreun\u0103 \u0219i \u00eeti mul\u021bumesc c\u0103 mi-ai tolerat atunci \u00eenc\u0103p\u0103\u021b\u00e2narea de a performa. Probabil astea ne-a ajutat s\u0103 fim ast\u0103zi unde suntem. \u0218i poate \u0219i ast\u0103zi ne e la fel de greu, dar \u0219tiu c\u0103 facem ce facem cu demnitate \u0219i responsabilitate.<\/p>\n\n\n\n<p><br>\u00cen prima var\u0103 am testat primul camp de cerceta\u0219i. Le-am luat la copii amandine \u0219i savarine din ora\u0219 \u0219i le-am c\u0103rat \u00eentr-un mod de ne\u00eenchipuit acum, sus la Cioclovina. Azi m\u0103 uit r\u00e2z\u00e2nd la imaginea asta. Vlad merci c\u0103 nu te-ai opus \u0219i <a href=\"https:\/\/radu.ch\/\">Radu<\/a> merci c\u0103 mi-ai tolerat atunci imaturitatea \u0219i dorin\u021ba de a face echip\u0103 mai mult cu tinerii, dec\u00e2t cu adul\u021bii. \u00cen iarn\u0103, mi-au luat \u0219i legat bocancii la <a href=\"https:\/\/albascout.ro\/\">UP<\/a>, hmm.. nu p\u0103rea ceva ce ar fi caracteristic pentru un director. Dar mereu, mereu, m\u0103 uitam la oamenii \u0103\u0219tia de f\u0103ceau cercet\u0103\u0219ie ca la ni\u0219te zeit\u0103\u021bi. \u0218i acum mai fac asta.<\/p>\n\n\n\n<div class=\"wp-block-image\"><figure class=\"aligncenter size-large is-resized\"><img decoding=\"async\" loading=\"lazy\" src=\"https:\/\/desteapta.ro\/wp-content\/uploads\/2022\/02\/11169567_10204203707639113_5706323462438950148_o-1024x768.jpg\" alt=\"\" class=\"wp-image-341\" width=\"477\" height=\"357\" srcset=\"https:\/\/desteapta.ro\/wp-content\/uploads\/2022\/02\/11169567_10204203707639113_5706323462438950148_o-1024x768.jpg 1024w, https:\/\/desteapta.ro\/wp-content\/uploads\/2022\/02\/11169567_10204203707639113_5706323462438950148_o-300x225.jpg 300w, https:\/\/desteapta.ro\/wp-content\/uploads\/2022\/02\/11169567_10204203707639113_5706323462438950148_o-768x576.jpg 768w, https:\/\/desteapta.ro\/wp-content\/uploads\/2022\/02\/11169567_10204203707639113_5706323462438950148_o-1536x1152.jpg 1536w, https:\/\/desteapta.ro\/wp-content\/uploads\/2022\/02\/11169567_10204203707639113_5706323462438950148_o-1200x900.jpg 1200w, https:\/\/desteapta.ro\/wp-content\/uploads\/2022\/02\/11169567_10204203707639113_5706323462438950148_o.jpg 2048w\" sizes=\"(max-width: 477px) 85vw, 477px\" \/><figcaption>22 februarie 2015, Ro\u0219ia Montan\u0103<\/figcaption><\/figure><\/div>\n\n\n\n<p><br>1 an mai t\u00e2rziu am decis s\u0103-mi depun promisiunea de cerceta\u0219. Mi-am f\u0103cut invita\u021bie ca la orice nunt\u0103 \u0219i am trimis-o c\u0103tre to\u021bi cei ce \u00eemi pavase c\u0103l\u0103toria. \u0218tiu c\u0103 pare stupid, dar crede\u021bi-m\u0103, dac\u0103 nu v\u0103 mai ascunde\u021bi sub vorba fac voluntariat 2h la cerceta\u0219i, cercet\u0103\u0219ia \u00ee\u021bi intr\u0103 \u00een cas\u0103 cu rol sigur de so\u021b \/ so\u021bie.&nbsp; \u00cemi era \u00een continuare extrem de dificil \u00eentre cerceta\u0219i, t\u00e2njeam \u00een sufletul meu dup\u0103 pove\u0219tile lor \u0219i t\u00e2njesc \u0219i acum. Pentru c\u0103 pove\u0219tile mele la cerceta\u0219i au alte culori \u0219i alte aha\u200b-\u200buri. \u200bDe\u0219i \u0219tiu cu iubim deopotriv\u0103 albastru. \u200bMarea lor majoritate nu sunt despre copii \u00een mod direct sau despre campuri, c\u00e2t despre procese de management, despre formulare de finan\u021bare depuse la 23.59, despre nop\u021bi petrecute \u00een birou \u00eenainte de AGuri ca totul s\u0103 ias\u0103 exemplar, despre cum faci rost de corturi pentru o jamboree \u00een mai pu\u021bin de 48 de h \u00eenainte de \u00eenceperea evenimentului, despre protocoale \u0219i alte lucruri politice, despre eficientizare, despre proceduri, despre contracte, planuri, strategii \u0219i exceluri, despre a motiva la nesf\u00e2\u0219it oameni, despre a da \u00eencredere, a delega \u0219i a negocia. Pentru c\u0103 toate astea care nu se v\u0103d\u200b,\u200b sunt f\u0103cute de cineva.<br><\/p>\n\n\n\n<p>Dup\u0103 primul an de b\u00e2jb\u00e2it, au urmat&nbsp;\u200b7\u200b ani care au trecut ca valul. Unii ani au fost mai grei, al\u021bii mai lini\u0219ti\u021bi, unii mai ap\u0103s\u0103tori ca al\u021bii. La un an de la sosire mea \u00een organiza\u021bie s-a schimbat boardul \u0219i am \u00eenceput s\u0103 vorbesc \u0219i s\u0103 lucrez tot mai des cu <a href=\"https:\/\/my.linkedin.com\/in\/mihaelaciobanu\">Miha<\/a> \u0219i <a href=\"https:\/\/yeti.albascout.ro\/blog\/\">Yeti<\/a> (poate ne vedem anul acesta s\u0103 facem o foto \u00eempreun\u0103). \u00cen mod sigur\u200b, \u200bmai sunt ast\u0103zi aici\u200b, \u200bdatorit\u0103 lor. C\u0103tre ei m-am \u00eentors cel mai des s\u0103 le spun c\u0103 \u0219i un paper scout are suflet de cerceta\u0219, s\u0103 primesc sus\u021binere sau s\u0103 zic hai c\u0103 putem, o lu\u0103m de la cap\u0103t.<\/p>\n\n\n\n<p><br>Am f\u0103cut \u00een to\u021bi ace\u0219ti ani un carusel de roluri \u0219i liste interminabile de to do-uri. Am pl\u00e2ns \u0219i am tras pe coate de nu \u0219tiu c\u00e2te ori, am r\u00e2s cu poft\u0103 \u0219i m-am bucurat timid de multe ori. Pentru c\u0103 pentru mine e o carier\u0103, pentru mine e coloana mea vertebral\u0103, pentru c\u0103 pentru mine nu e op\u021bional\u200b, dac\u0103 \u00een aceast\u0103 lume voluntariatul&nbsp;mai poate fi op\u021bional\u200b. Am sim\u021bit mereu c\u0103 am un business pe m\u00e2ini care trebuie s\u0103-l cresc, un business care nu mi-a adus niciodat\u0103 resurse materiale mie personal, ci comunit\u0103\u021bii sau Rom\u00e2niei. Ori s\u0103 faci profit lucr\u00e2nd cu unit\u0103\u021bi ca bun\u0103tate, entuziasm, eficien\u021b\u0103, experien\u021be, aten\u021bie, valori, voluntariat, nu-i o misiune u\u0219oar\u0103.\u200b \u200bM-am \u00eentrebat de multe ori de ce aleg s\u0103 fac asta.<\/p>\n\n\n\n<p><br>Pandemia m-a \u00eentors pe dos, oric\u00e2t de Ioana d&#8217;Arc m\u0103 proiectez eu. Cu un ghiont de la colegii de la FDSC, din vara trecut\u0103 am decis c\u0103 e necesar s\u0103 am mai mult\u0103 grij\u0103 de mine dac\u0103 mai vreau s\u0103 ajut pe al\u021bii. Fac pa\u0219i foarte timid.<\/p>\n\n\n\n<div class=\"wp-block-image\"><figure class=\"aligncenter size-large is-resized\"><img decoding=\"async\" loading=\"lazy\" src=\"https:\/\/desteapta.ro\/wp-content\/uploads\/2022\/02\/laborator-ziua-3-foto80-1024x576.jpg\" alt=\"\" class=\"wp-image-347\" width=\"497\" height=\"279\" srcset=\"https:\/\/desteapta.ro\/wp-content\/uploads\/2022\/02\/laborator-ziua-3-foto80-1024x576.jpg 1024w, https:\/\/desteapta.ro\/wp-content\/uploads\/2022\/02\/laborator-ziua-3-foto80-300x169.jpg 300w, https:\/\/desteapta.ro\/wp-content\/uploads\/2022\/02\/laborator-ziua-3-foto80-768x432.jpg 768w, https:\/\/desteapta.ro\/wp-content\/uploads\/2022\/02\/laborator-ziua-3-foto80-1536x864.jpg 1536w, https:\/\/desteapta.ro\/wp-content\/uploads\/2022\/02\/laborator-ziua-3-foto80-2048x1152.jpg 2048w, https:\/\/desteapta.ro\/wp-content\/uploads\/2022\/02\/laborator-ziua-3-foto80-1200x675.jpg 1200w\" sizes=\"(max-width: 497px) 85vw, 497px\" \/><\/figure><\/div>\n\n\n\n<p><br>Conduc biroul executiv al acestei organiza\u021biei \u00een spiritul cercet\u0103\u0219esc. M\u0103 g\u00e2ndeam c\u0103 e un model de management despre care a\u0219 vrea s\u0103 scriu c\u00e2ndva. Merci <a href=\"https:\/\/www.facebook.com\/cristian.moldovan1\">Cristi <\/a>c\u0103 m\u0103 determini s\u0103-l a\u0219ez \u0219i mai bine. Cred c\u0103 am crescut natural \u0219i sustenabil \u00een anii ace\u0219tia, \u200bautentic, \u200bcu rezultate\u200b m\u0103surate \u00een indicatori \u200b-\u00a07 oameni \u00een echip\u0103, buget de 5 ori mai mare, o mul\u021bime de experien\u021be \u0219i ini\u021biative sus\u021binute\u200b. Deopotriv\u0103 am gre\u0219it de nenum\u0103rate ori, l\u0103s\u00e2ndu-mi s\u0103-mi scape printre degete lucruri mari pentru c\u0103 m-am aplecat prea mult c\u0103tre lucrurile mici, pentru c\u0103 uneori armonia \u00eentre angaja\u021bi \u0219i voluntari nu e u\u0219oar\u0103, pentru c\u0103 \u00ee\u021bi dai seama t\u00e2rziu despre de unde vine \u00eencrederea \u0219i c\u00e2te \u0219i mai c\u00e2te gre\u0219eli.<\/p>\n\n\n\n<p>Ast\u0103zi vorbim de KPI, planific\u0103ri, campanii, strategii ca \u0219i c\u00e2nd am fi o corpora\u021bie. O corpora\u021bie care \u00ee\u0219i m\u0103soar\u0103 performan\u021ba \u00een cantitatea de bine l\u0103sat\u0103 \u00een urm\u0103. \u0218i am ajuns aici pentru c\u0103 un grup foarte limitat de cerceta\u0219i, de altfel voluntari, au crezut \u0219i \u00een cerceta\u0219ii de h\u00e2rtie (paper scout a\u0219a cum sunt numi\u021bi adesea angaja\u021bii din organiza\u021biile de cerceta\u0219i) \u0219i pentru c\u0103 un alt grup de profesioni\u0219ti (\u00een comunicare, educa\u021bie, manageri de proiecte, oameni de v\u00e2nz\u0103ri etc.) au decis s\u0103-\u0219i practice cariera \u00een cercet\u0103\u0219ie.\u200b \u200bLa&nbsp;\u200b8\u200b ani distan\u021b\u0103 \u0219i la aceast\u0103 aniversare palindromic\u0103 le sunt recunosc\u0103toare lor, celor care au v\u0103zut cercet\u0103\u0219ia din alt unghi \u00een tot cercul \u0103sta imens.<\/p>\n\n\n\n<p><br><strong>\u0218\u200bi via\u021ba mea profesional\u0103 este despre a fi liantul \u00eentr-o mare mas\u0103\u200b de voluntari \u0219i o echip\u0103 mic\u0103 de profesioni\u0219ti. Poate de asta merg des cu bicicleta, echilibrul mereu ajut\u0103.<\/strong><\/p>\n\n\n\n<p><br>Sunt curioas\u0103 despre cum va ar\u0103ta cercet\u0103\u0219ia peste al\u021bi&nbsp;\u200b8\u200b ani.\u200b \u0218i unde voi fi peste al\u021bi 8 ani.\u200b<\/p>\n\n\n\n<div class=\"wp-block-image\"><figure class=\"aligncenter size-large is-resized\"><img decoding=\"async\" loading=\"lazy\" src=\"https:\/\/desteapta.ro\/wp-content\/uploads\/2022\/02\/20220222_142728-1-986x1024.jpg\" alt=\"\" class=\"wp-image-343\" width=\"450\" height=\"467\" srcset=\"https:\/\/desteapta.ro\/wp-content\/uploads\/2022\/02\/20220222_142728-1-986x1024.jpg 986w, https:\/\/desteapta.ro\/wp-content\/uploads\/2022\/02\/20220222_142728-1-289x300.jpg 289w, https:\/\/desteapta.ro\/wp-content\/uploads\/2022\/02\/20220222_142728-1-768x798.jpg 768w, https:\/\/desteapta.ro\/wp-content\/uploads\/2022\/02\/20220222_142728-1-1479x1536.jpg 1479w, https:\/\/desteapta.ro\/wp-content\/uploads\/2022\/02\/20220222_142728-1-1972x2048.jpg 1972w, https:\/\/desteapta.ro\/wp-content\/uploads\/2022\/02\/20220222_142728-1-1200x1246.jpg 1200w\" sizes=\"(max-width: 450px) 85vw, 450px\" \/><\/figure><\/div>\n\n\n\n<p><br>Am aterizat \u00eempreun\u0103 cu o raz\u0103 soare. O \u00eentorc \u00een ordine aleatorie c\u0103tre \u200bVasile, Bianca, Radu, Miha, Yeti, Sorin, Nadia, \u200bAdi, Anca, Gabi, Dana, Andreea, Raluca, Loredana,\u00a0Bianca, \u200bLivia, Maria, \u200bCatrinel\u200b, Florina, Claudia, Anca, Andreea, Andreea\u200b.<\/p>\n\n\n\n<p><\/p>\n","protected":false},"excerpt":{"rendered":"<p>\u200bAst\u0103zi e Ziua G\u00e2ndului \u00een Cercet\u0103\u0219ie \u0219i ziua tuturor celor peste 50 de milioane de copii, tineri \u0219i adul\u021bi care duc mai departe misiunea noastr\u0103 de a construi prin educa\u021bie cercet\u0103\u0219easc\u0103 comunit\u0103\u021bi durabile. V\u0103 sunt recunosc\u0103toare tuturor c\u0103 \u00eemi \u021bine\u021bi antrenat\u0103 via\u021ba, s\u0103 ave\u021bi o zi pe deplin cercet\u0103\u0219easc\u0103! \u00cen flight mode pentru prima dat\u0103 &hellip; <a href=\"https:\/\/desteapta.ro\/?p=337\" class=\"more-link\">Continue reading<span class=\"screen-reader-text\"> &#8220;\u200b\u200bG\u00e2nduri (22.02.2022)&#8221;<\/span><\/a><\/p>\n","protected":false},"author":2,"featured_media":339,"comment_status":"open","ping_status":"open","sticky":false,"template":"","format":"standard","meta":[],"categories":[3,5,1],"tags":[],"_links":{"self":[{"href":"https:\/\/desteapta.ro\/index.php?rest_route=\/wp\/v2\/posts\/337"}],"collection":[{"href":"https:\/\/desteapta.ro\/index.php?rest_route=\/wp\/v2\/posts"}],"about":[{"href":"https:\/\/desteapta.ro\/index.php?rest_route=\/wp\/v2\/types\/post"}],"author":[{"embeddable":true,"href":"https:\/\/desteapta.ro\/index.php?rest_route=\/wp\/v2\/users\/2"}],"replies":[{"embeddable":true,"href":"https:\/\/desteapta.ro\/index.php?rest_route=%2Fwp%2Fv2%2Fcomments&post=337"}],"version-history":[{"count":7,"href":"https:\/\/desteapta.ro\/index.php?rest_route=\/wp\/v2\/posts\/337\/revisions"}],"predecessor-version":[{"id":352,"href":"https:\/\/desteapta.ro\/index.php?rest_route=\/wp\/v2\/posts\/337\/revisions\/352"}],"wp:featuredmedia":[{"embeddable":true,"href":"https:\/\/desteapta.ro\/index.php?rest_route=\/wp\/v2\/media\/339"}],"wp:attachment":[{"href":"https:\/\/desteapta.ro\/index.php?rest_route=%2Fwp%2Fv2%2Fmedia&parent=337"}],"wp:term":[{"taxonomy":"category","embeddable":true,"href":"https:\/\/desteapta.ro\/index.php?rest_route=%2Fwp%2Fv2%2Fcategories&post=337"},{"taxonomy":"post_tag","embeddable":true,"href":"https:\/\/desteapta.ro\/index.php?rest_route=%2Fwp%2Fv2%2Ftags&post=337"}],"curies":[{"name":"wp","href":"https:\/\/api.w.org\/{rel}","templated":true}]}}