{"id":363,"date":"2023-03-11T10:48:35","date_gmt":"2023-03-11T10:48:35","guid":{"rendered":"https:\/\/desteapta.ro\/?p=363"},"modified":"2023-03-11T10:56:36","modified_gmt":"2023-03-11T10:56:36","slug":"despre-nevoile-tinerilor","status":"publish","type":"post","link":"https:\/\/desteapta.ro\/?p=363","title":{"rendered":"despre nevoile tinerilor"},"content":{"rendered":"\n<p>\u00cen weekend-ul trecut s-a reunit la <a href=\"https:\/\/www.facebook.com\/scouteduhub.bucuresti\">Scout Edu Hub<\/a> echipa departamentului interna\u021bional s\u0103 mai cro\u0219eteze la diverse planuri pentru a aduce c\u00e2t mai aproape de <a href=\"https:\/\/scout.ro\/\">Cerceta\u0219ii Rom\u00e2niei<\/a> dimensiunea <a href=\"https:\/\/international.scout.ro\/\">interna\u021bional\u0103<\/a> a mi\u0219c\u0103rii <a href=\"https:\/\/www.scout.org\/\">scout<\/a>.<\/p>\n\n\n\n<p>E una din echipele de tineri, care lucreaz\u0103 voluntar \u00een Echipa Na\u021bional\u0103 a organiza\u021biei, cu care eu lucrez \u00een mod direct \u0219i pe care am bucuria \u0219i responsabilitatea s\u0103 o mentorez. <\/p>\n\n\n\n<p>Mentoratul tinerilor e cu siguran\u021b\u0103 ceva ce \u00eemi aduce mult\u0103 motiva\u021bie \u0219i sens dac\u0103 e s\u0103 m\u0103 g\u00e2ndesc la c\u00e2t de zen \u0219i \u00een al 7lea cer am fost tot weekend-ul.<\/p>\n\n\n\n<div class=\"wp-block-image\"><figure class=\"aligncenter size-large\"><img decoding=\"async\" loading=\"lazy\" width=\"275\" height=\"206\" src=\"https:\/\/desteapta.ro\/wp-content\/uploads\/2023\/03\/335393794_587970240045855_3003687122509676548_n.jpg\" alt=\"\" class=\"wp-image-364\"\/><\/figure><\/div>\n\n\n\n<p><strong>Cam a\u0219a s-a n\u0103scut contextul \u00een care mi-am luat timp s\u0103 reflectez la nevoile tinerilor de azi din Rom\u00e2nia, despre care nu am citit \u00een nicio cercetare britanic\u0103, dar despre care am \u00eencredere, chiar dac\u0103 sunt subiective, c\u0103 sunt valabile cel pu\u021bin pentru o parte din tinerii din Rom\u00e2nia.<\/strong><\/p>\n\n\n\n<p>Hai s\u0103 zicem c\u0103 e intui\u021bia mea, dac\u0103 lu\u0103m \u00een calcul c\u0103 intui\u021bia e ceva bun, n\u0103scut din experien\u021bele mele trecute \u0219i capacitatea mea de a face proiec\u021bii.<\/p>\n\n\n\n<p>1. <strong>Au nevoie de \u00eencrederea adul\u021bilor. <\/strong>Nu \u0219tiu dac\u0103 s\u0103 mai adaug ceva. Pur \u0219i simplu asta le va salva via\u021ba de adult.<\/p>\n\n\n\n<p>2. <strong>Au nevoie s\u0103 fie l\u0103sa\u021bi s\u0103 gre\u0219easc\u0103 \u00eentr-un mediu sigur \u0219i s\u0103 \u00een\u021beleag\u0103 c\u0103 gre\u0219eal\u0103 nu trebuie s\u0103 nasc\u0103 o alt\u0103 traum\u0103, ci doar o lec\u021bie \u00eenv\u0103\u021bat\u0103.<\/strong><\/p>\n\n\n\n<p>3. <strong>Au nevoie de filtre \u0219i de sprijin \u00een prioritizare. <\/strong>Spre deosebire de genera\u021bia mea, oamenii \u0103\u0219tia au acces la miliarde de informa\u021bii. Problema le e c\u0103 le vine teribil de greu s\u0103 filtreze sau s\u0103 aleag\u0103 ceva ce le face cu adev\u0103rat bine. Au nevoie de surse concrete, de filtre sau de ghidaj unde s\u0103 ajung\u0103.<\/p>\n\n\n\n<p>*<strong>\u0218i bonus un pitic de-al meu. <\/strong>Am tot auzit de multe ori \u00eendrumarea pentru copii \u0219i tineri &#8211; <em>Las\u0103-i s\u0103-\u0219i tr\u0103iasc\u0103 v\u00e2rsta, nu-i \u00eempov\u0103ra cu responsabilitate \u0219i cu un mod de via\u021b\u0103 benefic pentru minte \u0219i corp!<\/em> &#8211; Cum vine asta? S\u0103-l las acu s\u0103 bea cola, s\u0103 piard\u0103 nop\u021bile, s\u0103 stea cu ochii \u00een tablet\u0103 non-stop, s\u0103-\u0219i umple sufletul de porc\u0103rii c\u0103 la v\u00e2rsta adult\u0103 oricum nu-l mai \u021bine. Eh, nu cred. Eu una nu vreau s\u0103 contribui la o alt\u0103 genera\u021bie de adul\u021bi, \u00een care ei au deja un mod de via\u021b\u0103 \u0219i rutine clare, \u00een care dup\u0103 tre s\u0103 bagi buldozerul ca s\u0103 mai schimbi ceva. Pitic \u00eencheiat!<\/p>\n\n\n\n<p>Mai adaug c\u00e2teva g\u00e2nduri, dar astea 3* \u00eemi par cumva baza. Pentru c\u0103 vorba aia &#8211; dac\u0103 ar fi 10, e bine s\u0103 alegi m\u0103car 1-2-3 pe care s\u0103 le faci \u0219i vei ob\u021bine rezultate semnificative.<\/p>\n\n\n\n<ul><li>Au nevoie s\u0103 fie sco\u0219i afar\u0103 din cas\u0103, \u00een natur\u0103, mai des, tot mai des<\/li><\/ul>\n\n\n\n<ul><li>Au nevoie s\u0103 fie l\u0103sa\u021bi s\u0103-\u0219i tr\u0103iasc\u0103 prezentul cu ghidu\u0219iile \u0219i jocurile momentului<\/li><\/ul>\n\n\n\n<ul><li>Au nevoie de instrumente foarte clare \u0219i simple dac\u0103 e vorba de sistematizarea \/ organizarea informa\u021biilor.<\/li><\/ul>\n\n\n\n<ul><li>Au nevoie de multe experien\u021be practice.<\/li><\/ul>\n\n\n\n<ul><li>Au nevoie s\u0103 le fie \u00eent\u0103rite rezultatele \/ ce fac bine. Feedback-ul e bun, atunci c\u00e2nd nu devine cov\u00e2r\u0219itor. \u0218i mai ales atunci c\u00e2nd nu te a\u0219tep\u021bi s\u0103 fac\u0103 la fel de bine orice, ca \u0219i c\u00e2nd ar fi un adult cu experien\u021b\u0103.<\/li><\/ul>\n\n\n\n<ul><li>Au nevoie s\u0103 fie \u00eenv\u0103\u021ba\u021bi s\u0103 aib\u0103 mai mult\u0103 grij\u0103 de ei &#8211; de corpul lor, de ce m\u0103n\u00e2nc\u0103, de c\u00e2nd dorm etc.<\/li><\/ul>\n\n\n\n<p>Poate noti\u021bele astea transcrise aici, vor na\u0219te programe faine pentru tineri sau m\u0103car vor ghida adul\u021bii \u00een lucru cu tinerii!<\/p>\n\n\n\n<p>Merci de inspira\u021bie Anne, Bobo, Diana, Luca, Maria, Marta, Scrio, Theo, Tudor! Spor \u0219i voie bun\u0103, \u0219i nu uita\u021bi s\u0103 face\u021bi din responsabilitatea \u0219i \u00eencrederea care vi s-a oferit un mediu sigur pentru voi \u0219i pentru cerceta\u0219ii care tr\u0103iesc dimensiunea interna\u021bional\u0103, p\u0103str\u00e2nd mereu, dar mereu, z\u00e2mbetul pe buze \u0219i entuziasmul \u00een suflet!<\/p>\n\n\n\n<p>P.s. <a href=\"https:\/\/www.facebook.com\/daniela.borontis\">Dana<\/a> s\u0103 m\u0103 ier\u021bi sau s\u0103 m\u0103 mai chemi :p, poate tema aceasta ar fi fost un speech mult mai bun pentru <a href=\"https:\/\/www.facebook.com\/TEDxYouthDrobetaTurnuSeverin\">Tedx Youth Drobeta TurnuSeverin<\/a><\/p>\n","protected":false},"excerpt":{"rendered":"<p>\u00cen weekend-ul trecut s-a reunit la Scout Edu Hub echipa departamentului interna\u021bional s\u0103 mai cro\u0219eteze la diverse planuri pentru a aduce c\u00e2t mai aproape de Cerceta\u0219ii Rom\u00e2niei dimensiunea interna\u021bional\u0103 a mi\u0219c\u0103rii scout. E una din echipele de tineri, care lucreaz\u0103 voluntar \u00een Echipa Na\u021bional\u0103 a organiza\u021biei, cu care eu lucrez \u00een mod direct \u0219i pe &hellip; <a href=\"https:\/\/desteapta.ro\/?p=363\" class=\"more-link\">Continue reading<span class=\"screen-reader-text\"> &#8220;despre nevoile tinerilor&#8221;<\/span><\/a><\/p>\n","protected":false},"author":2,"featured_media":0,"comment_status":"open","ping_status":"open","sticky":false,"template":"","format":"standard","meta":[],"categories":[3,7,1],"tags":[],"_links":{"self":[{"href":"https:\/\/desteapta.ro\/index.php?rest_route=\/wp\/v2\/posts\/363"}],"collection":[{"href":"https:\/\/desteapta.ro\/index.php?rest_route=\/wp\/v2\/posts"}],"about":[{"href":"https:\/\/desteapta.ro\/index.php?rest_route=\/wp\/v2\/types\/post"}],"author":[{"embeddable":true,"href":"https:\/\/desteapta.ro\/index.php?rest_route=\/wp\/v2\/users\/2"}],"replies":[{"embeddable":true,"href":"https:\/\/desteapta.ro\/index.php?rest_route=%2Fwp%2Fv2%2Fcomments&post=363"}],"version-history":[{"count":6,"href":"https:\/\/desteapta.ro\/index.php?rest_route=\/wp\/v2\/posts\/363\/revisions"}],"predecessor-version":[{"id":371,"href":"https:\/\/desteapta.ro\/index.php?rest_route=\/wp\/v2\/posts\/363\/revisions\/371"}],"wp:attachment":[{"href":"https:\/\/desteapta.ro\/index.php?rest_route=%2Fwp%2Fv2%2Fmedia&parent=363"}],"wp:term":[{"taxonomy":"category","embeddable":true,"href":"https:\/\/desteapta.ro\/index.php?rest_route=%2Fwp%2Fv2%2Fcategories&post=363"},{"taxonomy":"post_tag","embeddable":true,"href":"https:\/\/desteapta.ro\/index.php?rest_route=%2Fwp%2Fv2%2Ftags&post=363"}],"curies":[{"name":"wp","href":"https:\/\/api.w.org\/{rel}","templated":true}]}}